{"id":668,"date":"2020-10-23T11:39:02","date_gmt":"2020-10-23T09:39:02","guid":{"rendered":"http:\/\/www.anffaspotenzapicena.it\/?p=668"},"modified":"2020-11-03T15:07:03","modified_gmt":"2020-11-03T14:07:03","slug":"raccontarsi-edizione-aggiornata","status":"publish","type":"post","link":"https:\/\/www.anffaspotenzapicena.it\/index.php\/2020\/10\/23\/raccontarsi-edizione-aggiornata\/","title":{"rendered":"Raccontarsi &#8211; Edizione aggiornata"},"content":{"rendered":"\n<blockquote class=\"wp-block-quote is-layout-flow wp-block-quote-is-layout-flow\"><p><strong><span class=\"has-inline-color has-vivid-red-color\">RIAPERTURA ISCRIZIONI<\/span><\/strong><\/p><\/blockquote>\n\n\n\n<p class=\"has-text-align-center\"><em>Raccontarsi<\/em> \u00e8 un percorso formativo rivolto ad operatori e volontari impegnati nella relazione d&#8217;aiuto con la persona con disabilit\u00e0. L&#8217;obiettivo principale \u00e8 <strong>aumentare la capacit\u00e0 dell&#8217;operatore e\/o volontario di gestirsi all&#8217;interno della relazione d&#8217;aiuto<\/strong>.<\/p>\n\n\n\n<p class=\"has-text-align-center\">Era stato avviato nel febbraio 2020 ma, a causa dell&#8217;emergenza sanitaria, abbiamo dovuto sospenderlo.<\/p>\n\n\n\n<p class=\"has-text-align-center\">Oggi finalmente possiamo riprendere il percorso! In una veste nuova, ovviamente, perch\u00e9 le attuali condizioni non ci permettono di tornare a fare formazione in presenza, ma pi\u00f9 che mai operativi!<\/p>\n\n\n\n<p class=\"has-text-align-center\">Riteniamo, infatti, che sia di straordinaria importanza, oggi pi\u00f9 che mai, proseguire nel perseguimento dell&#8217;obiettivo della proposta formativa: offrire un&#8217;occasione di ascolto e confronto circa le positivit\u00e0 e le criticit\u00e0 del ruolo e del vissuto di operatori e volontari, per poter <strong>inserire questo tempo di emergenza in un tempo di vita<\/strong>.<\/p>\n\n\n\n<p class=\"has-text-align-center\">Oltre a quelli originariamente previsti dalla proposta formativa, in questa nuova veste ci poniamo anche l&#8217;obiettivo di <strong>lasciare traccia<\/strong> di quanto si \u00e8 vissuto, elaborato e modificato, creare un <strong>diario collettivo<\/strong>, con il quale raccontarci. Non possiamo incontrarci dal vivo, ma possiamo comunque vivere la dimensione di rete confrontandoci e lasciando traccia.<\/p>\n\n\n\n<p class=\"has-text-align-center\">Il percorso, gratutito ed aperto a tutti, sar\u00e0 svolto sulla piattaforma Zoom.<\/p>\n\n\n\n<p class=\"has-text-align-center\">Di seguito il calendario degli appuntamenti:<\/p>\n\n\n\n<p class=\"has-text-align-center\"><em>Venerd\u00ec 6 novembre<\/em> (ore 17-19) <strong>Mario Paolini<\/strong> &#8220;Chi sei tu per me? Io sono per come tu mi pensi. Excursus sul tema della evoluzione delle principali rappresentazioni mentali delle disabilit\u00e0 nel passato fino ai giorni nostri. Ruolo e identit\u00e0 adulta per le persone con disabilit\u00e0&#8221;.<\/p>\n\n\n\n<p class=\"has-text-align-center\"><em>Gioved\u00ec 12 novembre<\/em> (ore 17-19) <strong>Maria Chinellato<\/strong> &#8220;Comunicazione verbale e non verbale: i livelli linguistici, cosa sono e cosa succede quando non funzionano. Comunicazione assertiva. Anatomia e fisiologia della voce: spiegazione ed esercizi pratici&#8221;.<\/p>\n\n\n\n<p class=\"has-text-align-center\"><em>Mercoled\u00ec 18 novembre<\/em> (ore 17-19) <strong>Mario Paolini<\/strong> \u201cLa cura della cura nella cura\u201d; riflettere sul lavoro di cura partendo dalle narrazioni, per cercare di dare un contributo (attivo) di prossimit\u00e0 che vada oltre gli stereotipi della relazione di aiuto&#8221;.<\/p>\n\n\n\n<p class=\"has-text-align-center\"><em>Marted\u00ec 24 novembre<\/em> (ore 17-19) <strong>Roberta Fonsato<\/strong> &#8220;La resilienza organizzativa: che cos&#8217;\u00e8 e come si declina in situazioni di emergenza \u2013 parte 1&#8221;.<\/p>\n\n\n\n<p class=\"has-text-align-center\"><em>Marted\u00ec 1 dicembre<\/em> (ore 17-19) <strong>Roberta Fonsato<\/strong> &#8220;La resilienza organizzativa: che cos&#8217;\u00e8 e come si declina in situazioni di emergenza \u2013 parte 2&#8221;.<\/p>\n\n\n\n<p class=\"has-text-align-center\"><em>Gioved\u00ec 3 dicembre<\/em> (ore 17-19) <strong>Roberta Fonsato<\/strong> &#8220;La resilienza organizzativa &#8211; Esercitazioni pratiche&#8221;.<\/p>\n\n\n\n<p class=\"has-text-align-center\"><em>Gioved\u00ec 10 dicembre<\/em> (ore 17-19) <strong>Roberta Fonsato<\/strong> &#8220;La relazione d&#8217;aiuto \u2013 prima parte&#8221;.<\/p>\n\n\n\n<p class=\"has-text-align-center\"><em>Luned\u00ec 14 dicembre<\/em> (ore 17-19) <strong>Roberta Fonsato<\/strong> &#8220;La relazione d&#8217;aiuto \u2013 seconda parte &#8220;.<\/p>\n\n\n\n<p class=\"has-text-align-center\"><em>Gioved\u00ec 17 dicembre<\/em> (ore 17-19) <strong>Roberta Fonsato<\/strong> &#8220;La relazione d&#8217;aiuto \u2013 focus group&#8221;.<\/p>\n\n\n\n<p class=\"has-text-align-center\"><em>Luned\u00ec 21 dicembre<\/em> (ore 17-19) <strong>Stefania Pietrani<\/strong> &#8220;Creativit\u00e0 e generativit\u00e0&#8221;.<\/p>\n\n\n\n<p><\/p>\n\n\n\n<p class=\"has-text-align-center\"><strong>Per iscriversi<\/strong>:<\/p>\n\n\n\n<p class=\"has-text-align-center\">inviare una mail a <strong>formazione.anffaspp@gmail.com<\/strong> indicando Nome, Cognome, Ente di provenienza, Ruolo<\/p>\n\n\n\n<p class=\"has-text-align-center\">o chiamare al <strong>338\/3899000<\/strong> dal Luned\u00ec al Venerd\u00ec dalle 10 alle 13<\/p>\n","protected":false},"excerpt":{"rendered":"<p>RIAPERTURA ISCRIZIONI Raccontarsi \u00e8 un percorso formativo rivolto ad operatori e volontari impegnati nella relazione d&#8217;aiuto con la persona con disabilit\u00e0. L&#8217;obiettivo principale \u00e8 aumentare la capacit\u00e0 dell&#8217;operatore e\/o volontario di gestirsi all&#8217;interno della relazione d&#8217;aiuto. Era stato avviato nel febbraio 2020 ma, a causa dell&#8217;emergenza sanitaria, abbiamo dovuto sospenderlo. Oggi finalmente possiamo riprendere il&hellip;<\/p>\n","protected":false},"author":1,"featured_media":673,"comment_status":"closed","ping_status":"closed","sticky":false,"template":"","format":"standard","meta":{"footnotes":""},"categories":[1],"tags":[],"class_list":["post-668","post","type-post","status-publish","format-standard","has-post-thumbnail","hentry","category-senza-categoria"],"_links":{"self":[{"href":"https:\/\/www.anffaspotenzapicena.it\/index.php\/wp-json\/wp\/v2\/posts\/668","targetHints":{"allow":["GET"]}}],"collection":[{"href":"https:\/\/www.anffaspotenzapicena.it\/index.php\/wp-json\/wp\/v2\/posts"}],"about":[{"href":"https:\/\/www.anffaspotenzapicena.it\/index.php\/wp-json\/wp\/v2\/types\/post"}],"author":[{"embeddable":true,"href":"https:\/\/www.anffaspotenzapicena.it\/index.php\/wp-json\/wp\/v2\/users\/1"}],"replies":[{"embeddable":true,"href":"https:\/\/www.anffaspotenzapicena.it\/index.php\/wp-json\/wp\/v2\/comments?post=668"}],"version-history":[{"count":6,"href":"https:\/\/www.anffaspotenzapicena.it\/index.php\/wp-json\/wp\/v2\/posts\/668\/revisions"}],"predecessor-version":[{"id":676,"href":"https:\/\/www.anffaspotenzapicena.it\/index.php\/wp-json\/wp\/v2\/posts\/668\/revisions\/676"}],"wp:featuredmedia":[{"embeddable":true,"href":"https:\/\/www.anffaspotenzapicena.it\/index.php\/wp-json\/wp\/v2\/media\/673"}],"wp:attachment":[{"href":"https:\/\/www.anffaspotenzapicena.it\/index.php\/wp-json\/wp\/v2\/media?parent=668"}],"wp:term":[{"taxonomy":"category","embeddable":true,"href":"https:\/\/www.anffaspotenzapicena.it\/index.php\/wp-json\/wp\/v2\/categories?post=668"},{"taxonomy":"post_tag","embeddable":true,"href":"https:\/\/www.anffaspotenzapicena.it\/index.php\/wp-json\/wp\/v2\/tags?post=668"}],"curies":[{"name":"wp","href":"https:\/\/api.w.org\/{rel}","templated":true}]}}