{"id":446,"date":"2019-02-20T11:51:44","date_gmt":"2019-02-20T10:51:44","guid":{"rendered":"http:\/\/www.anffaspotenzapicena.it\/?p=446"},"modified":"2019-03-13T15:41:01","modified_gmt":"2019-03-13T14:41:01","slug":"la-nostra-esperienza","status":"publish","type":"post","link":"http:\/\/www.anffaspotenzapicena.it\/index.php\/2019\/02\/20\/la-nostra-esperienza\/","title":{"rendered":"Capacity: la nostra esperienza"},"content":{"rendered":"\n<p style=\"text-align:center\">Luned\u00ec 18 febbraio una rappresentanza dell&#8217;Anffas di Potenza Picena ha preso parte all&#8217;evento conclusivo del progetto di ricerca &#8220;<strong>Capacity: la legge \u00e8 eguale per tutti. Modelli e strumenti innovativi di sostegni per la presa di decisioni e per la piena inclusione sociale delle persone con disabilit\u00e0 intellettive e del neurosviluppo<\/strong>&#8220;. <\/p>\n\n\n\n<p style=\"text-align:center\">Progetto realizzato con contributo finanziario concesso dal Ministero del Lavoro e delle Politiche Sociali per l&#8217;annualit\u00e0 2016 a valere sul Fondo per l&#8217;Associazionismo di cui alla legge n. 383 del 2000. <\/p>\n\n\n\n<p style=\"text-align:center\">Due persone con disabilit\u00e0 che frequentano la nostra associazione, infatti, (G. e D.) erano tra le 40 persone coinvolte in tutta Italia per l&#8217;attivazione della sperimentazione, insieme alla nostra operatrice Francesca Gallucci, che per questo progetto ha vestito i panni di Referente Territoriale.  <\/p>\n\n\n\n<p style=\"text-align:center\">&lt;&lt;Il progetto ha riguardato la sperimentazione di pratiche promettenti relative al sostegno al processo decisionale.&gt;&gt;, dice Francesca Gallucci. &lt;&lt;E&#8217; stato un percorso impegnativo ma anche estremamente entusiasmante: per la prima volta si \u00e8 data voce e concretezza alla tematica dell&#8217;autodeterminazione, cos\u00ec centrale nella vita di ciascuna persona, con disabilit\u00e0 e non.&gt;&gt; <\/p>\n\n\n\n<p style=\"text-align:center\"> Questa bellissima giornata di met\u00e0 febbraio trascorsa tra amici nuovi e vecchi ci ha accompagnati al termine del progetto.<\/p>\n\n\n\n<p style=\"text-align:center\">\n&lt;&lt;La\ncosa che mi \u00e8 piaciuta di pi\u00f9 \u00e8 stata conoscere altre persone con\ndisabilit\u00e0. Mi sono piaciute molto le testimonianze delle persone\nche, come me, hanno partecipato al progetto. \n<\/p>\n\n\n\n<p style=\"text-align:center\">\nHo\nriascoltato le mie parole, lette davanti a tutte quelle persone, e mi\nsono emozionata molto perch\u00e9 erano parole che parlavano di me e del\nmio mondo.&gt;&gt; (G.) \n<\/p>\n\n\n\n<p style=\"text-align:center\"> &lt;&lt;Mi sono piaciuti molto i racconti dei ragazzi, e mi \u00e8 piaciuto conoscere persone da tutta Italia. Lo rifarei volentieri!&gt;&gt; (D.)  <\/p>\n\n\n\n<p style=\"text-align:center\"> Per maggiori informazioni: http:\/\/www.anffas.net\/it\/progetti-e-campagne\/capacity-la-legge-e-eguale-per-tutti\/ <\/p>\n\n\n\n<p style=\"text-align:center\"> Ecco a voi le parole dei protagonisti!  <\/p>\n\n\n\n<figure class=\"wp-block-embed-youtube aligncenter wp-block-embed is-type-video is-provider-youtube wp-embed-aspect-16-9 wp-has-aspect-ratio\"><div class=\"wp-block-embed__wrapper\">\n<iframe loading=\"lazy\" width=\"1170\" height=\"658\" src=\"https:\/\/www.youtube.com\/embed\/MClgr0huU3k?feature=oembed\" frameborder=\"0\" allow=\"accelerometer; autoplay; encrypted-media; gyroscope; picture-in-picture\" allowfullscreen><\/iframe>\n<\/div><\/figure>\n","protected":false},"excerpt":{"rendered":"<p>Luned\u00ec 18 febbraio una rappresentanza dell&#8217;Anffas di Potenza Picena ha preso parte all&#8217;evento conclusivo del progetto di ricerca &#8220;Capacity: la legge \u00e8 eguale per tutti. Modelli e strumenti innovativi di sostegni per la presa di decisioni e per la piena inclusione sociale delle persone con disabilit\u00e0 intellettive e del neurosviluppo&#8220;. Progetto realizzato con contributo finanziario&hellip;<\/p>\n","protected":false},"author":1,"featured_media":455,"comment_status":"closed","ping_status":"closed","sticky":false,"template":"","format":"standard","meta":{"footnotes":""},"categories":[10],"tags":[],"class_list":["post-446","post","type-post","status-publish","format-standard","has-post-thumbnail","hentry","category-capacity"],"_links":{"self":[{"href":"http:\/\/www.anffaspotenzapicena.it\/index.php\/wp-json\/wp\/v2\/posts\/446","targetHints":{"allow":["GET"]}}],"collection":[{"href":"http:\/\/www.anffaspotenzapicena.it\/index.php\/wp-json\/wp\/v2\/posts"}],"about":[{"href":"http:\/\/www.anffaspotenzapicena.it\/index.php\/wp-json\/wp\/v2\/types\/post"}],"author":[{"embeddable":true,"href":"http:\/\/www.anffaspotenzapicena.it\/index.php\/wp-json\/wp\/v2\/users\/1"}],"replies":[{"embeddable":true,"href":"http:\/\/www.anffaspotenzapicena.it\/index.php\/wp-json\/wp\/v2\/comments?post=446"}],"version-history":[{"count":3,"href":"http:\/\/www.anffaspotenzapicena.it\/index.php\/wp-json\/wp\/v2\/posts\/446\/revisions"}],"predecessor-version":[{"id":458,"href":"http:\/\/www.anffaspotenzapicena.it\/index.php\/wp-json\/wp\/v2\/posts\/446\/revisions\/458"}],"wp:featuredmedia":[{"embeddable":true,"href":"http:\/\/www.anffaspotenzapicena.it\/index.php\/wp-json\/wp\/v2\/media\/455"}],"wp:attachment":[{"href":"http:\/\/www.anffaspotenzapicena.it\/index.php\/wp-json\/wp\/v2\/media?parent=446"}],"wp:term":[{"taxonomy":"category","embeddable":true,"href":"http:\/\/www.anffaspotenzapicena.it\/index.php\/wp-json\/wp\/v2\/categories?post=446"},{"taxonomy":"post_tag","embeddable":true,"href":"http:\/\/www.anffaspotenzapicena.it\/index.php\/wp-json\/wp\/v2\/tags?post=446"}],"curies":[{"name":"wp","href":"https:\/\/api.w.org\/{rel}","templated":true}]}}