{"id":318,"date":"2018-12-03T12:56:09","date_gmt":"2018-12-03T11:56:09","guid":{"rendered":"http:\/\/www.anffaspotenzapicena.it\/?p=318"},"modified":"2019-03-12T11:36:39","modified_gmt":"2019-03-12T10:36:39","slug":"giornata-internazionale-delle-persone-con-disabilita","status":"publish","type":"post","link":"http:\/\/www.anffaspotenzapicena.it\/index.php\/2018\/12\/03\/giornata-internazionale-delle-persone-con-disabilita\/","title":{"rendered":"Giornata Internazionale delle Persone con Disabilit\u00e0 2018"},"content":{"rendered":"<p style=\"text-align: center;\">Dal 1981 il 3 dicembre si festeggia la Giornata Internazionale delle Persone con Disabilit\u00e0, indetta dall&#8217;ONU per promuovere i diritti e il benessere delle persone con disabilit\u00e0 e la loro inclusione nella vita politica, sociale, economica e culturale.<\/p>\n<p style=\"text-align: center;\">Riflettere su questa giornata \u00e8 stata un&#8217;occasione per ricordare e condividere alcuni vissuti, non sempre positivi, della nostra esperienza.<\/p>\n<p style=\"text-align: center;\">Leggendo il tema scelto per il 2018, ovvero il coinvolgimento delle persone con disabilit\u00e0 nel garantire l&#8217;inclusione e l&#8217;uguaglianza, vorremmo riportarvi uno stralcio del dialogo scaturito tra Samuele e un&#8217;educatrice.<\/p>\n<p style=\"text-align: center;\">S.: &lt;&lt;Essere chiamato disabile non mi piace&gt;&gt;<\/p>\n<p style=\"text-align: center;\">E.: &lt;&lt;Come ti piace essere chiamato?&gt;&gt;<\/p>\n<p style=\"text-align: center;\">S.: &lt;&lt;Samuele&gt;&gt;.<\/p>\n<p style=\"text-align: center;\">Questo semplice dialogo descrive meglio di mille parole il senso di questa giornata per noi.<\/p>\n<p style=\"text-align: center;\">#3dicembre #giornatainternazionalepersonecondisabilita #anffas<\/p>\n<p>&nbsp;<\/p>\n","protected":false},"excerpt":{"rendered":"<p>Dal 1981 il 3 dicembre si festeggia la Giornata Internazionale delle Persone con Disabilit\u00e0, indetta dall&#8217;ONU per promuovere i diritti e il benessere delle persone con disabilit\u00e0 e la loro inclusione nella vita politica, sociale, economica e culturale. Riflettere su questa giornata \u00e8 stata un&#8217;occasione per ricordare e condividere alcuni vissuti, non sempre positivi, della&hellip;<\/p>\n","protected":false},"author":1,"featured_media":319,"comment_status":"closed","ping_status":"closed","sticky":false,"template":"","format":"standard","meta":{"footnotes":""},"categories":[13],"tags":[],"class_list":["post-318","post","type-post","status-publish","format-standard","has-post-thumbnail","hentry","category-giornata-internazionale-delle-persone-con-disabilita"],"_links":{"self":[{"href":"http:\/\/www.anffaspotenzapicena.it\/index.php\/wp-json\/wp\/v2\/posts\/318","targetHints":{"allow":["GET"]}}],"collection":[{"href":"http:\/\/www.anffaspotenzapicena.it\/index.php\/wp-json\/wp\/v2\/posts"}],"about":[{"href":"http:\/\/www.anffaspotenzapicena.it\/index.php\/wp-json\/wp\/v2\/types\/post"}],"author":[{"embeddable":true,"href":"http:\/\/www.anffaspotenzapicena.it\/index.php\/wp-json\/wp\/v2\/users\/1"}],"replies":[{"embeddable":true,"href":"http:\/\/www.anffaspotenzapicena.it\/index.php\/wp-json\/wp\/v2\/comments?post=318"}],"version-history":[{"count":5,"href":"http:\/\/www.anffaspotenzapicena.it\/index.php\/wp-json\/wp\/v2\/posts\/318\/revisions"}],"predecessor-version":[{"id":451,"href":"http:\/\/www.anffaspotenzapicena.it\/index.php\/wp-json\/wp\/v2\/posts\/318\/revisions\/451"}],"wp:featuredmedia":[{"embeddable":true,"href":"http:\/\/www.anffaspotenzapicena.it\/index.php\/wp-json\/wp\/v2\/media\/319"}],"wp:attachment":[{"href":"http:\/\/www.anffaspotenzapicena.it\/index.php\/wp-json\/wp\/v2\/media?parent=318"}],"wp:term":[{"taxonomy":"category","embeddable":true,"href":"http:\/\/www.anffaspotenzapicena.it\/index.php\/wp-json\/wp\/v2\/categories?post=318"},{"taxonomy":"post_tag","embeddable":true,"href":"http:\/\/www.anffaspotenzapicena.it\/index.php\/wp-json\/wp\/v2\/tags?post=318"}],"curies":[{"name":"wp","href":"https:\/\/api.w.org\/{rel}","templated":true}]}}